{"id":2057,"date":"2023-12-28T21:19:45","date_gmt":"2023-12-28T21:19:45","guid":{"rendered":"https:\/\/tagua.global\/alternativa-biodegradable-a-las-microperlas\/"},"modified":"2024-09-06T04:28:12","modified_gmt":"2024-09-06T04:28:12","slug":"alternativa-biodegradable-a-las-microperlas","status":"publish","type":"post","link":"https:\/\/tagua.global\/es\/alternativa-biodegradable-a-las-microperlas\/","title":{"rendered":"Alternativa biodegradable a las microperlas"},"content":{"rendered":"\n<p class=\"has-ast-global-color-8-color has-text-color has-link-color wp-elements-9eef40dd0eee87d620c4c5f6161181e8\">La cosm\u00e9tica natural ha surgido como un nuevo fen\u00f3meno de desarrollo y se identifica en la pr\u00e1ctica por la producci\u00f3n ecorresponsable de varias empresas.\nBas\u00e1ndose en estas dos tendencias que exigen cuidado medioambiental y cuidado personal sin productos qu\u00edmicos, nuestra empresa lanz\u00f3 al mercado internacional el polvo de nuez de tagua, una alternativa natural.\nEste ingrediente org\u00e1nico se disuelve en el agua sin afectar a la vida marina, puede utilizarse como sustituto de las microperlas, el polietileno, el polipropileno y el poliuretano, y sirve como texturizador para aplicaciones de maquillaje, protecci\u00f3n solar, exfoliantes, cosm\u00e9ticos, ba\u00f1o y cuidado corporal.    <\/p>\n\n<p class=\"has-ast-global-color-8-color has-text-color has-link-color wp-elements-d393ea1e6794cc05cdfd7797e1b27c73\">La empresa cosm\u00e9tica especializada en la producci\u00f3n de productos naturales fomenta el uso de materias primas sostenibles.\nParte de los procesos de producci\u00f3n de nuestra empresa consiste en generar metodolog\u00edas espec\u00edficas que garanticen que el producto es 100% natural.\nNo utilizamos agua ni ning\u00fan ingrediente qu\u00edmico que pueda alterar el producto y la granulaci\u00f3n de nuestro polvo o los tama\u00f1os est\u00e1n personalizados para el \u00e1mbito cosmetol\u00f3gico.  <\/p>\n","protected":false},"excerpt":{"rendered":"<p>La cosm\u00e9tica natural ha surgido como un nuevo fen\u00f3meno de desarrollo y se identifica en la pr\u00e1ctica por la producci\u00f3n ecorresponsable de varias empresas. Bas\u00e1ndose en estas dos tendencias que exigen cuidado medioambiental y cuidado personal sin productos qu\u00edmicos, nuestra empresa lanz\u00f3 al mercado internacional el polvo de nuez de tagua, una alternativa natural. Este [&hellip;]<\/p>\n","protected":false},"author":3,"featured_media":2746,"comment_status":"closed","ping_status":"closed","sticky":false,"template":"","format":"standard","meta":{"_seopress_robots_primary_cat":"none","_seopress_titles_title":"%%post_title%% %%sep%% %%sitetitle%%","_seopress_titles_desc":"La cosm\u00e9tica natural se ha convertido en un nuevo fen\u00f3meno de desarrollo y se identifica en la pr\u00e1ctica por la producci\u00f3n ecorresponsable de las empresas.","_seopress_robots_index":"","site-sidebar-layout":"default","site-content-layout":"","ast-site-content-layout":"default","site-content-style":"default","site-sidebar-style":"default","ast-global-header-display":"","ast-banner-title-visibility":"","ast-main-header-display":"","ast-hfb-above-header-display":"","ast-hfb-below-header-display":"","ast-hfb-mobile-header-display":"","site-post-title":"","ast-breadcrumbs-content":"","ast-featured-img":"","footer-sml-layout":"","ast-disable-related-posts":"","theme-transparent-header-meta":"","adv-header-id-meta":"","stick-header-meta":"","header-above-stick-meta":"","header-main-stick-meta":"","header-below-stick-meta":"","astra-migrate-meta-layouts":"default","ast-page-background-enabled":"default","ast-page-background-meta":{"desktop":{"background-color":"","background-image":"","background-repeat":"repeat","background-position":"center center","background-size":"auto","background-attachment":"scroll","background-type":"","background-media":"","overlay-type":"","overlay-color":"","overlay-opacity":"","overlay-gradient":""},"tablet":{"background-color":"","background-image":"","background-repeat":"repeat","background-position":"center center","background-size":"auto","background-attachment":"scroll","background-type":"","background-media":"","overlay-type":"","overlay-color":"","overlay-opacity":"","overlay-gradient":""},"mobile":{"background-color":"","background-image":"","background-repeat":"repeat","background-position":"center center","background-size":"auto","background-attachment":"scroll","background-type":"","background-media":"","overlay-type":"","overlay-color":"","overlay-opacity":"","overlay-gradient":""}},"ast-content-background-meta":{"desktop":{"background-color":"var(--ast-global-color-5)","background-image":"","background-repeat":"repeat","background-position":"center center","background-size":"auto","background-attachment":"scroll","background-type":"","background-media":"","overlay-type":"","overlay-color":"","overlay-opacity":"","overlay-gradient":""},"tablet":{"background-color":"var(--ast-global-color-5)","background-image":"","background-repeat":"repeat","background-position":"center center","background-size":"auto","background-attachment":"scroll","background-type":"","background-media":"","overlay-type":"","overlay-color":"","overlay-opacity":"","overlay-gradient":""},"mobile":{"background-color":"var(--ast-global-color-5)","background-image":"","background-repeat":"repeat","background-position":"center center","background-size":"auto","background-attachment":"scroll","background-type":"","background-media":"","overlay-type":"","overlay-color":"","overlay-opacity":"","overlay-gradient":""}},"footnotes":""},"categories":[181],"tags":[132,130],"class_list":{"0":"post-2057","1":"post","2":"type-post","3":"status-publish","4":"format-standard","5":"has-post-thumbnail","7":"category-semillas-de-palma-de-marfil-ecuatoriana","8":"tag-nuez-de-tagua","9":"tag-polvo-de-semillas-de-phytelephas-aequatorialis"},"_links":{"self":[{"href":"https:\/\/tagua.global\/es\/wp-json\/wp\/v2\/posts\/2057","targetHints":{"allow":["GET"]}}],"collection":[{"href":"https:\/\/tagua.global\/es\/wp-json\/wp\/v2\/posts"}],"about":[{"href":"https:\/\/tagua.global\/es\/wp-json\/wp\/v2\/types\/post"}],"author":[{"embeddable":true,"href":"https:\/\/tagua.global\/es\/wp-json\/wp\/v2\/users\/3"}],"replies":[{"embeddable":true,"href":"https:\/\/tagua.global\/es\/wp-json\/wp\/v2\/comments?post=2057"}],"version-history":[{"count":2,"href":"https:\/\/tagua.global\/es\/wp-json\/wp\/v2\/posts\/2057\/revisions"}],"predecessor-version":[{"id":2142,"href":"https:\/\/tagua.global\/es\/wp-json\/wp\/v2\/posts\/2057\/revisions\/2142"}],"wp:featuredmedia":[{"embeddable":true,"href":"https:\/\/tagua.global\/es\/wp-json\/wp\/v2\/media\/2746"}],"wp:attachment":[{"href":"https:\/\/tagua.global\/es\/wp-json\/wp\/v2\/media?parent=2057"}],"wp:term":[{"taxonomy":"category","embeddable":true,"href":"https:\/\/tagua.global\/es\/wp-json\/wp\/v2\/categories?post=2057"},{"taxonomy":"post_tag","embeddable":true,"href":"https:\/\/tagua.global\/es\/wp-json\/wp\/v2\/tags?post=2057"}],"curies":[{"name":"wp","href":"https:\/\/api.w.org\/{rel}","templated":true}]}}